{"id":87,"date":"2022-08-31T19:07:31","date_gmt":"2022-08-31T19:07:31","guid":{"rendered":"https:\/\/cidreriedelabrique.com\/?p=87"},"modified":"2024-06-04T07:41:59","modified_gmt":"2024-06-04T07:41:59","slug":"le-clos-fleuri-cidre-artisanal-brut-bio-75cl","status":"publish","type":"post","link":"https:\/\/cidreriedelabrique.com\/index.php\/2022\/08\/31\/le-clos-fleuri-cidre-artisanal-brut-bio-75cl\/","title":{"rendered":"LE CLOS FLEURI &#8211; CIDRE ARTISANAL BRUT BIO &#8211; 75CL"},"content":{"rendered":"\t\t<div data-elementor-type=\"wp-post\" data-elementor-id=\"87\" class=\"elementor elementor-87\">\n\t\t\t\t\t\t<section class=\"elementor-section elementor-top-section elementor-element elementor-element-aca80a8 elementor-section-boxed elementor-section-height-default elementor-section-height-default\" data-id=\"aca80a8\" data-element_type=\"section\" data-e-type=\"section\">\n\t\t\t\t\t\t<div class=\"elementor-container elementor-column-gap-default\">\n\t\t\t\t\t<div class=\"elementor-column elementor-col-100 elementor-top-column elementor-element elementor-element-26da4be\" data-id=\"26da4be\" data-element_type=\"column\" data-e-type=\"column\">\n\t\t\t<div class=\"elementor-widget-wrap elementor-element-populated\">\n\t\t\t\t\t\t<div class=\"elementor-element elementor-element-44fc5a5 elementor-widget elementor-widget-heading\" data-id=\"44fc5a5\" data-element_type=\"widget\" data-e-type=\"widget\" data-widget_type=\"heading.default\">\n\t\t\t\t<div class=\"elementor-widget-container\">\n\t\t\t\t\t<h1 class=\"elementor-heading-title elementor-size-xxl\">Cidre de Normandie Artisanal BIO IGP - BRUT<\/h1>\t\t\t\t<\/div>\n\t\t\t\t<\/div>\n\t\t\t\t\t<\/div>\n\t\t<\/div>\n\t\t\t\t\t<\/div>\n\t\t<\/section>\n\t\t\t\t<section class=\"elementor-section elementor-top-section elementor-element elementor-element-e481e92 elementor-section-boxed elementor-section-height-default elementor-section-height-default\" data-id=\"e481e92\" data-element_type=\"section\" data-e-type=\"section\">\n\t\t\t\t\t\t<div class=\"elementor-container elementor-column-gap-default\">\n\t\t\t\t\t<div class=\"elementor-column elementor-col-33 elementor-top-column elementor-element elementor-element-d339b16\" data-id=\"d339b16\" data-element_type=\"column\" data-e-type=\"column\">\n\t\t\t<div class=\"elementor-widget-wrap elementor-element-populated\">\n\t\t\t\t\t\t<div class=\"elementor-element elementor-element-ec97d76 elementor-arrows-position-inside elementor-pagination-position-outside elementor-widget elementor-widget-image-carousel\" data-id=\"ec97d76\" data-element_type=\"widget\" data-e-type=\"widget\" data-settings=\"{&quot;slides_to_show&quot;:&quot;1&quot;,&quot;navigation&quot;:&quot;both&quot;,&quot;autoplay&quot;:&quot;yes&quot;,&quot;pause_on_hover&quot;:&quot;yes&quot;,&quot;pause_on_interaction&quot;:&quot;yes&quot;,&quot;autoplay_speed&quot;:5000,&quot;infinite&quot;:&quot;yes&quot;,&quot;effect&quot;:&quot;slide&quot;,&quot;speed&quot;:500}\" data-widget_type=\"image-carousel.default\">\n\t\t\t\t<div class=\"elementor-widget-container\">\n\t\t\t\t\t\t\t<div class=\"elementor-image-carousel-wrapper swiper\" role=\"region\" aria-roledescription=\"carousel\" aria-label=\"Carrousel d\u2019images\" dir=\"ltr\">\n\t\t\t<div class=\"elementor-image-carousel swiper-wrapper\" aria-live=\"off\">\n\t\t\t\t\t\t\t\t<div class=\"swiper-slide\" role=\"group\" aria-roledescription=\"slide\" aria-label=\"1 sur 1\"><figure class=\"swiper-slide-inner\"><img decoding=\"async\" class=\"swiper-slide-image\" src=\"https:\/\/cidreriedelabrique.com\/wp-content\/uploads\/2023\/02\/2023-cidre-LeBrut-bio-75cl-copie-1152x2048.png\" alt=\"Cidre Le brut Bio - cidrerie de la brique - 75cl\" \/><\/figure><\/div>\t\t\t<\/div>\n\t\t\t\t\t<\/div>\n\t\t\t\t\t\t<\/div>\n\t\t\t\t<\/div>\n\t\t\t\t\t<\/div>\n\t\t<\/div>\n\t\t\t\t<div class=\"elementor-column elementor-col-66 elementor-top-column elementor-element elementor-element-3eb2060\" data-id=\"3eb2060\" data-element_type=\"column\" data-e-type=\"column\">\n\t\t\t<div class=\"elementor-widget-wrap elementor-element-populated\">\n\t\t\t\t\t\t<div class=\"elementor-element elementor-element-16800ae elementor-widget elementor-widget-heading\" data-id=\"16800ae\" data-element_type=\"widget\" data-e-type=\"widget\" data-widget_type=\"heading.default\">\n\t\t\t\t<div class=\"elementor-widget-container\">\n\t\t\t\t\t<h3 class=\"elementor-heading-title elementor-size-default\">Le Brut BIO<\/h3>\t\t\t\t<\/div>\n\t\t\t\t<\/div>\n\t\t\t\t<div class=\"elementor-element elementor-element-0c4077f elementor-widget elementor-widget-text-editor\" data-id=\"0c4077f\" data-element_type=\"widget\" data-e-type=\"widget\" data-widget_type=\"text-editor.default\">\n\t\t\t\t<div class=\"elementor-widget-container\">\n\t\t\t\t\t\t\t\t\t<h5 style=\"font-size: 1.17647rem;\"><i>Alc.\/Vol. : 4,5%<\/i><\/h5>\n<h5><i>75cl<\/i><\/h5>\n<div>&nbsp;<\/div>\n<h5>D\u00e9couvrez l&rsquo;essence m\u00eame de la nature avec le cidre \u00ab\u00a0Le Brut BIO\u00a0\u00bb de la Cidrerie de la Brique, une cuv\u00e9e d&rsquo;exception certifi\u00e9e IGP Normandie et labellis\u00e9e Saveurs de Normandie. Notre engagement envers la qualit\u00e9 et l&rsquo;authenticit\u00e9 transpara\u00eet dans chaque gorg\u00e9e de ce cidre bio, \u00e9labor\u00e9 selon des m\u00e9thodes artisanales, non pasteuris\u00e9, et 100% pur jus.<\/h5>\n<h5>&nbsp;<\/h5>\n<h5>Les vergers normands ont donn\u00e9 naissance \u00e0 cette cr\u00e9ation unique, b\u00e9n\u00e9ficiant de la certification IGP Normandie, gage de son origine g\u00e9ographique et de son respect des normes les plus strictes. Le label Saveurs de Normandie souligne son caract\u00e8re distinctif et son adh\u00e9sion aux traditions cidricoles r\u00e9gionales.<\/h5>\n<h5>&nbsp;<\/h5>\n<h5>Notre Cidre BIO a \u00e9t\u00e9 honor\u00e9 de plusieurs r\u00e9compenses au Concours G\u00e9n\u00e9ral Agricole, t\u00e9moignant de son excellence et de son go\u00fbt exceptionnel. Savourez une exp\u00e9rience authentique, v\u00e9ritable ode \u00e0 la Normandie, en choisissant \u00ab\u00a0Le Brut BIO\u00a0\u00bb. Une rencontre parfaite entre la tradition artisanale et le respect de l&rsquo;environnement, dans chaque bouteille.<\/h5>\n<h5>&nbsp;<\/h5>\n<h5>Servir frais.&nbsp;<\/h5>\n<div>&nbsp;<\/div>\n<div><i>Labels : AB BIO, IGP Normandie<\/i><br><i><br><\/i><\/div>\n<div>\n<p><i style=\"font-weight: inherit; color: var( --e-global-color-text ); background-color: var(--ast-global-color-5);\">M\u00e9dailles :&nbsp;<\/i><\/p>\n<ul>\n<li><i style=\"color: var( --e-global-color-text ); font-weight: inherit; background-color: var(--ast-global-color-5);\">ARGENT Concours des Cidres de Normandie 2023<\/i><\/li>\n<li style=\"font-size: 17px;\"><i style=\"font-weight: inherit; color: var( --e-global-color-text ); background-color: var(--ast-global-color-5);\">ARGENT Gilbert &amp; Gaillard 2023<\/i><\/li>\n<li style=\"font-size: 17px;\"><i style=\"font-weight: inherit; color: var( --e-global-color-text ); background-color: var(--ast-global-color-5);\">OR Concours G\u00e9n\u00e9ral Agricole 2020<\/i><\/li>\n<\/ul>\n<\/div>\t\t\t\t\t\t\t\t<\/div>\n\t\t\t\t<\/div>\n\t\t\t\t\t<\/div>\n\t\t<\/div>\n\t\t\t\t\t<\/div>\n\t\t<\/section>\n\t\t\t\t<section class=\"elementor-section elementor-top-section elementor-element elementor-element-fe7996c elementor-section-boxed elementor-section-height-default elementor-section-height-default\" data-id=\"fe7996c\" data-element_type=\"section\" data-e-type=\"section\" data-settings=\"{&quot;background_background&quot;:&quot;classic&quot;}\">\n\t\t\t\t\t\t<div class=\"elementor-container elementor-column-gap-default\">\n\t\t\t\t\t<div class=\"elementor-column elementor-col-100 elementor-top-column elementor-element elementor-element-dc06c88\" data-id=\"dc06c88\" data-element_type=\"column\" data-e-type=\"column\">\n\t\t\t<div class=\"elementor-widget-wrap elementor-element-populated\">\n\t\t\t\t\t\t<div class=\"elementor-element elementor-element-bd260a7 elementor-widget elementor-widget-heading\" data-id=\"bd260a7\" data-element_type=\"widget\" data-e-type=\"widget\" data-widget_type=\"heading.default\">\n\t\t\t\t<div class=\"elementor-widget-container\">\n\t\t\t\t\t<h2 class=\"elementor-heading-title elementor-size-default\">Produits similaires<\/h2>\t\t\t\t<\/div>\n\t\t\t\t<\/div>\n\t\t\t\t\t<\/div>\n\t\t<\/div>\n\t\t\t\t\t<\/div>\n\t\t<\/section>\n\t\t\t\t<section class=\"elementor-section elementor-top-section elementor-element elementor-element-1e639db elementor-section-boxed elementor-section-height-default elementor-section-height-default\" data-id=\"1e639db\" data-element_type=\"section\" data-e-type=\"section\" data-settings=\"{&quot;background_background&quot;:&quot;classic&quot;}\">\n\t\t\t\t\t\t<div class=\"elementor-container elementor-column-gap-default\">\n\t\t\t\t\t<div class=\"elementor-column elementor-col-20 elementor-top-column elementor-element elementor-element-40af23c\" data-id=\"40af23c\" data-element_type=\"column\" data-e-type=\"column\">\n\t\t\t<div class=\"elementor-widget-wrap elementor-element-populated\">\n\t\t\t\t\t\t<div class=\"elementor-element elementor-element-9ec3b05 elementor-widget elementor-widget-image\" data-id=\"9ec3b05\" data-element_type=\"widget\" data-e-type=\"widget\" data-widget_type=\"image.default\">\n\t\t\t\t<div class=\"elementor-widget-container\">\n\t\t\t\t\t\t\t\t\t\t\t\t\t\t\t\t<a href=\"https:\/\/cidreriedelabrique.com\/index.php\/2022\/08\/31\/le-clos-fleuri-cidre-artisanal-doux-75-cl\/\">\n\t\t\t\t\t\t\t<img fetchpriority=\"high\" decoding=\"async\" width=\"1024\" height=\"1024\" src=\"https:\/\/cidreriedelabrique.com\/wp-content\/uploads\/2022\/11\/2023-CF-DOUX-75CL-1024x1024.png\" class=\"elementor-animation-shrink attachment-large size-large wp-image-1070\" alt=\"Clos Fleuri - cidre normandie doux - Cidrerie de la brique\" srcset=\"https:\/\/cidreriedelabrique.com\/wp-content\/uploads\/2022\/11\/2023-CF-DOUX-75CL-1024x1024.png 1024w, https:\/\/cidreriedelabrique.com\/wp-content\/uploads\/2022\/11\/2023-CF-DOUX-75CL-300x300.png 300w, https:\/\/cidreriedelabrique.com\/wp-content\/uploads\/2022\/11\/2023-CF-DOUX-75CL-150x150.png 150w, https:\/\/cidreriedelabrique.com\/wp-content\/uploads\/2022\/11\/2023-CF-DOUX-75CL-768x768.png 768w, https:\/\/cidreriedelabrique.com\/wp-content\/uploads\/2022\/11\/2023-CF-DOUX-75CL-1536x1536.png 1536w, https:\/\/cidreriedelabrique.com\/wp-content\/uploads\/2022\/11\/2023-CF-DOUX-75CL-2048x2048.png 2048w\" sizes=\"(max-width: 1024px) 100vw, 1024px\" \/>\t\t\t\t\t\t\t\t<\/a>\n\t\t\t\t\t\t\t\t\t\t\t\t\t\t\t<\/div>\n\t\t\t\t<\/div>\n\t\t\t\t<div class=\"elementor-element elementor-element-99042d2 elementor-widget elementor-widget-heading\" data-id=\"99042d2\" data-element_type=\"widget\" data-e-type=\"widget\" data-widget_type=\"heading.default\">\n\t\t\t\t<div class=\"elementor-widget-container\">\n\t\t\t\t\t<h5 class=\"elementor-heading-title elementor-size-default\">CIDRE DE NORMANDIE ARTISANAL IGP - DOUX<\/h5>\t\t\t\t<\/div>\n\t\t\t\t<\/div>\n\t\t\t\t<div class=\"elementor-element elementor-element-07cd327 elementor-widget elementor-widget-text-editor\" data-id=\"07cd327\" data-element_type=\"widget\" data-e-type=\"widget\" data-widget_type=\"text-editor.default\">\n\t\t\t\t<div class=\"elementor-widget-container\">\n\t\t\t\t\t\t\t\t\t<p>LE CLOS FLEURI\u00a0&#8211; 75CL<\/p>\t\t\t\t\t\t\t\t<\/div>\n\t\t\t\t<\/div>\n\t\t\t\t\t<\/div>\n\t\t<\/div>\n\t\t\t\t<div class=\"elementor-column elementor-col-20 elementor-top-column elementor-element elementor-element-ad492ea\" data-id=\"ad492ea\" data-element_type=\"column\" data-e-type=\"column\">\n\t\t\t<div class=\"elementor-widget-wrap elementor-element-populated\">\n\t\t\t\t\t\t<div class=\"elementor-element elementor-element-a22cb83 elementor-widget elementor-widget-image\" data-id=\"a22cb83\" data-element_type=\"widget\" data-e-type=\"widget\" data-widget_type=\"image.default\">\n\t\t\t\t<div class=\"elementor-widget-container\">\n\t\t\t\t\t\t\t\t\t\t\t\t\t\t\t\t<a href=\"https:\/\/cidreriedelabrique.com\/index.php\/2022\/08\/31\/le-clos-fleuri-jus-de-pomme-bio-1l\/\">\n\t\t\t\t\t\t\t<img decoding=\"async\" width=\"1000\" height=\"1000\" src=\"https:\/\/cidreriedelabrique.com\/wp-content\/uploads\/2022\/08\/jus-de-pomme-bio-1L.png\" class=\"elementor-animation-shrink attachment-large size-large wp-image-319\" alt=\"jus de pomme bio 1L - cidrerie de la Brique\" srcset=\"https:\/\/cidreriedelabrique.com\/wp-content\/uploads\/2022\/08\/jus-de-pomme-bio-1L.png 1000w, https:\/\/cidreriedelabrique.com\/wp-content\/uploads\/2022\/08\/jus-de-pomme-bio-1L-300x300.png 300w, https:\/\/cidreriedelabrique.com\/wp-content\/uploads\/2022\/08\/jus-de-pomme-bio-1L-150x150.png 150w, https:\/\/cidreriedelabrique.com\/wp-content\/uploads\/2022\/08\/jus-de-pomme-bio-1L-768x768.png 768w\" sizes=\"(max-width: 1000px) 100vw, 1000px\" \/>\t\t\t\t\t\t\t\t<\/a>\n\t\t\t\t\t\t\t\t\t\t\t\t\t\t\t<\/div>\n\t\t\t\t<\/div>\n\t\t\t\t<div class=\"elementor-element elementor-element-c5e2386 elementor-widget elementor-widget-heading\" data-id=\"c5e2386\" data-element_type=\"widget\" data-e-type=\"widget\" data-widget_type=\"heading.default\">\n\t\t\t\t<div class=\"elementor-widget-container\">\n\t\t\t\t\t<h5 class=\"elementor-heading-title elementor-size-default\">JUS DE POMME BIO<\/h5>\t\t\t\t<\/div>\n\t\t\t\t<\/div>\n\t\t\t\t<div class=\"elementor-element elementor-element-c7c192f elementor-widget elementor-widget-text-editor\" data-id=\"c7c192f\" data-element_type=\"widget\" data-e-type=\"widget\" data-widget_type=\"text-editor.default\">\n\t\t\t\t<div class=\"elementor-widget-container\">\n\t\t\t\t\t\t\t\t\t<p>LE CLOS FLEURI &#8211; 1L<\/p>\t\t\t\t\t\t\t\t<\/div>\n\t\t\t\t<\/div>\n\t\t\t\t\t<\/div>\n\t\t<\/div>\n\t\t\t\t<div class=\"elementor-column elementor-col-20 elementor-top-column elementor-element elementor-element-9011639\" data-id=\"9011639\" data-element_type=\"column\" data-e-type=\"column\">\n\t\t\t<div class=\"elementor-widget-wrap elementor-element-populated\">\n\t\t\t\t\t\t<div class=\"elementor-element elementor-element-c31fe79 elementor-widget elementor-widget-image\" data-id=\"c31fe79\" data-element_type=\"widget\" data-e-type=\"widget\" data-widget_type=\"image.default\">\n\t\t\t\t<div class=\"elementor-widget-container\">\n\t\t\t\t\t\t\t\t\t\t\t\t\t\t\t\t<a href=\"https:\/\/cidreriedelabrique.com\/index.php\/2022\/08\/31\/le-clos-fleuri-cidre-rose-75cl\/\">\n\t\t\t\t\t\t\t<img decoding=\"async\" width=\"600\" height=\"600\" src=\"https:\/\/cidreriedelabrique.com\/wp-content\/uploads\/2023\/01\/2023-CF-rose-75cl.png\" class=\"elementor-animation-shrink attachment-large size-large wp-image-1708\" alt=\"Cidre Ros\u00e9 - le Clos Fleuri\" srcset=\"https:\/\/cidreriedelabrique.com\/wp-content\/uploads\/2023\/01\/2023-CF-rose-75cl.png 600w, https:\/\/cidreriedelabrique.com\/wp-content\/uploads\/2023\/01\/2023-CF-rose-75cl-300x300.png 300w, https:\/\/cidreriedelabrique.com\/wp-content\/uploads\/2023\/01\/2023-CF-rose-75cl-150x150.png 150w\" sizes=\"(max-width: 600px) 100vw, 600px\" \/>\t\t\t\t\t\t\t\t<\/a>\n\t\t\t\t\t\t\t\t\t\t\t\t\t\t\t<\/div>\n\t\t\t\t<\/div>\n\t\t\t\t<div class=\"elementor-element elementor-element-6893faa elementor-widget elementor-widget-heading\" data-id=\"6893faa\" data-element_type=\"widget\" data-e-type=\"widget\" data-widget_type=\"heading.default\">\n\t\t\t\t<div class=\"elementor-widget-container\">\n\t\t\t\t\t<h5 class=\"elementor-heading-title elementor-size-default\">CIDRE ROS\u00c9<\/h5>\t\t\t\t<\/div>\n\t\t\t\t<\/div>\n\t\t\t\t<div class=\"elementor-element elementor-element-93af224 elementor-widget elementor-widget-text-editor\" data-id=\"93af224\" data-element_type=\"widget\" data-e-type=\"widget\" data-widget_type=\"text-editor.default\">\n\t\t\t\t<div class=\"elementor-widget-container\">\n\t\t\t\t\t\t\t\t\t<p>LE CLOS FLEURI &#8211; 75CL<\/p>\t\t\t\t\t\t\t\t<\/div>\n\t\t\t\t<\/div>\n\t\t\t\t\t<\/div>\n\t\t<\/div>\n\t\t\t\t<div class=\"elementor-column elementor-col-20 elementor-top-column elementor-element elementor-element-6823905\" data-id=\"6823905\" data-element_type=\"column\" data-e-type=\"column\">\n\t\t\t<div class=\"elementor-widget-wrap elementor-element-populated\">\n\t\t\t\t\t\t<div class=\"elementor-element elementor-element-c5c43d4 elementor-widget elementor-widget-image\" data-id=\"c5c43d4\" data-element_type=\"widget\" data-e-type=\"widget\" data-widget_type=\"image.default\">\n\t\t\t\t<div class=\"elementor-widget-container\">\n\t\t\t\t\t\t\t\t\t\t\t\t\t\t\t\t<a href=\"https:\/\/cidreriedelabrique.com\/index.php\/2022\/08\/31\/vinaigre-de-cidre-de-normandie-50cl\/\">\n\t\t\t\t\t\t\t<img loading=\"lazy\" decoding=\"async\" width=\"1024\" height=\"1024\" src=\"https:\/\/cidreriedelabrique.com\/wp-content\/uploads\/2022\/08\/vinaigre-de-cidre-1024x1024.png\" class=\"elementor-animation-shrink attachment-large size-large wp-image-149\" alt=\"vinaigre de cidre de normandie - cidrerie de la brique\" srcset=\"https:\/\/cidreriedelabrique.com\/wp-content\/uploads\/2022\/08\/vinaigre-de-cidre-1024x1024.png 1024w, https:\/\/cidreriedelabrique.com\/wp-content\/uploads\/2022\/08\/vinaigre-de-cidre-300x300.png 300w, https:\/\/cidreriedelabrique.com\/wp-content\/uploads\/2022\/08\/vinaigre-de-cidre-150x150.png 150w, https:\/\/cidreriedelabrique.com\/wp-content\/uploads\/2022\/08\/vinaigre-de-cidre-768x768.png 768w, https:\/\/cidreriedelabrique.com\/wp-content\/uploads\/2022\/08\/vinaigre-de-cidre-1536x1536.png 1536w, https:\/\/cidreriedelabrique.com\/wp-content\/uploads\/2022\/08\/vinaigre-de-cidre-2048x2048.png 2048w, https:\/\/cidreriedelabrique.com\/wp-content\/uploads\/2022\/08\/elementor\/thumbs\/vinaigre-de-cidre-pu379ucz8k8gr2xgfy4e0cq656ttdevqllour71mpw.png 250w, https:\/\/cidreriedelabrique.com\/wp-content\/uploads\/2022\/08\/elementor\/thumbs\/vinaigre-de-cidre-pu379ud0gf0wd336uuzk4fkj6j1g163ghea0wliur0.png 350w\" sizes=\"(max-width: 1024px) 100vw, 1024px\" \/>\t\t\t\t\t\t\t\t<\/a>\n\t\t\t\t\t\t\t\t\t\t\t\t\t\t\t<\/div>\n\t\t\t\t<\/div>\n\t\t\t\t<div class=\"elementor-element elementor-element-3266e9d elementor-widget elementor-widget-heading\" data-id=\"3266e9d\" data-element_type=\"widget\" data-e-type=\"widget\" data-widget_type=\"heading.default\">\n\t\t\t\t<div class=\"elementor-widget-container\">\n\t\t\t\t\t<h5 class=\"elementor-heading-title elementor-size-default\">VINAIGRE DE CIDRE DE NORMANDIE<\/h5>\t\t\t\t<\/div>\n\t\t\t\t<\/div>\n\t\t\t\t<div class=\"elementor-element elementor-element-35b4485 elementor-widget elementor-widget-text-editor\" data-id=\"35b4485\" data-element_type=\"widget\" data-e-type=\"widget\" data-widget_type=\"text-editor.default\">\n\t\t\t\t<div class=\"elementor-widget-container\">\n\t\t\t\t\t\t\t\t\t<p>\u00a050CL<\/p>\t\t\t\t\t\t\t\t<\/div>\n\t\t\t\t<\/div>\n\t\t\t\t\t<\/div>\n\t\t<\/div>\n\t\t\t\t<div class=\"elementor-column elementor-col-20 elementor-top-column elementor-element elementor-element-16662f9\" data-id=\"16662f9\" data-element_type=\"column\" data-e-type=\"column\">\n\t\t\t<div class=\"elementor-widget-wrap elementor-element-populated\">\n\t\t\t\t\t\t<div class=\"elementor-element elementor-element-8bb709c elementor-widget elementor-widget-image\" data-id=\"8bb709c\" data-element_type=\"widget\" data-e-type=\"widget\" data-widget_type=\"image.default\">\n\t\t\t\t<div class=\"elementor-widget-container\">\n\t\t\t\t\t\t\t\t\t\t\t\t\t\t\t\t<a href=\"https:\/\/cidreriedelabrique.com\/index.php\/2022\/08\/31\/comte-de-belvil-aoc-calvados-xo20-ans-70cl\/\">\n\t\t\t\t\t\t\t<img loading=\"lazy\" decoding=\"async\" width=\"1024\" height=\"1024\" src=\"https:\/\/cidreriedelabrique.com\/wp-content\/uploads\/2022\/08\/XO20-1024x1024.png\" class=\"elementor-animation-shrink attachment-large size-large wp-image-155\" alt=\"AOC Calvados 20 ans - comte de belvil - cidrerie de la brique\" srcset=\"https:\/\/cidreriedelabrique.com\/wp-content\/uploads\/2022\/08\/XO20-1024x1024.png 1024w, https:\/\/cidreriedelabrique.com\/wp-content\/uploads\/2022\/08\/XO20-300x300.png 300w, https:\/\/cidreriedelabrique.com\/wp-content\/uploads\/2022\/08\/XO20-150x150.png 150w, https:\/\/cidreriedelabrique.com\/wp-content\/uploads\/2022\/08\/XO20-768x768.png 768w, https:\/\/cidreriedelabrique.com\/wp-content\/uploads\/2022\/08\/XO20-1536x1536.png 1536w, https:\/\/cidreriedelabrique.com\/wp-content\/uploads\/2022\/08\/XO20.png 1567w\" sizes=\"(max-width: 1024px) 100vw, 1024px\" \/>\t\t\t\t\t\t\t\t<\/a>\n\t\t\t\t\t\t\t\t\t\t\t\t\t\t\t<\/div>\n\t\t\t\t<\/div>\n\t\t\t\t<div class=\"elementor-element elementor-element-b708348 elementor-widget elementor-widget-heading\" data-id=\"b708348\" data-element_type=\"widget\" data-e-type=\"widget\" data-widget_type=\"heading.default\">\n\t\t\t\t<div class=\"elementor-widget-container\">\n\t\t\t\t\t<h5 class=\"elementor-heading-title elementor-size-default\">CALVADOS AOC XO 20 ANS<\/h5>\t\t\t\t<\/div>\n\t\t\t\t<\/div>\n\t\t\t\t<div class=\"elementor-element elementor-element-0898ec4 elementor-widget elementor-widget-text-editor\" data-id=\"0898ec4\" data-element_type=\"widget\" data-e-type=\"widget\" data-widget_type=\"text-editor.default\">\n\t\t\t\t<div class=\"elementor-widget-container\">\n\t\t\t\t\t\t\t\t\t<p>COMTE DE BELVIL- 70CL<\/p>\t\t\t\t\t\t\t\t<\/div>\n\t\t\t\t<\/div>\n\t\t\t\t\t<\/div>\n\t\t<\/div>\n\t\t\t\t\t<\/div>\n\t\t<\/section>\n\t\t\t\t<\/div>\n\t\t","protected":false},"excerpt":{"rendered":"<p>Cidre de Normandie Artisanal BIO IGP &#8211; BRUT Le Brut BIO Alc.\/Vol. : 4,5% 75cl &nbsp; D\u00e9couvrez l&rsquo;essence m\u00eame de la nature avec le cidre \u00ab\u00a0Le Brut BIO\u00a0\u00bb de la Cidrerie de la Brique, une cuv\u00e9e d&rsquo;exception certifi\u00e9e IGP Normandie et labellis\u00e9e Saveurs de Normandie. Notre engagement envers la qualit\u00e9 et l&rsquo;authenticit\u00e9 transpara\u00eet dans chaque [&hellip;]<\/p>\n","protected":false},"author":1,"featured_media":0,"comment_status":"open","ping_status":"open","sticky":false,"template":"elementor_header_footer","format":"standard","meta":{"_monsterinsights_skip_tracking":false,"_monsterinsights_sitenote_active":false,"_monsterinsights_sitenote_note":"","_monsterinsights_sitenote_category":0,"site-sidebar-layout":"default","site-content-layout":"","ast-site-content-layout":"default","site-content-style":"default","site-sidebar-style":"default","ast-global-header-display":"","ast-banner-title-visibility":"","ast-main-header-display":"","ast-hfb-above-header-display":"","ast-hfb-below-header-display":"","ast-hfb-mobile-header-display":"","site-post-title":"","ast-breadcrumbs-content":"","ast-featured-img":"","footer-sml-layout":"","ast-disable-related-posts":"","theme-transparent-header-meta":"","adv-header-id-meta":"","stick-header-meta":"","header-above-stick-meta":"","header-main-stick-meta":"","header-below-stick-meta":"","astra-migrate-meta-layouts":"default","ast-page-background-enabled":"default","ast-page-background-meta":{"desktop":{"background-color":"var(--ast-global-color-4)","background-image":"","background-repeat":"repeat","background-position":"center center","background-size":"auto","background-attachment":"scroll","background-type":"","background-media":"","overlay-type":"","overlay-color":"","overlay-opacity":"","overlay-gradient":""},"tablet":{"background-color":"","background-image":"","background-repeat":"repeat","background-position":"center center","background-size":"auto","background-attachment":"scroll","background-type":"","background-media":"","overlay-type":"","overlay-color":"","overlay-opacity":"","overlay-gradient":""},"mobile":{"background-color":"","background-image":"","background-repeat":"repeat","background-position":"center center","background-size":"auto","background-attachment":"scroll","background-type":"","background-media":"","overlay-type":"","overlay-color":"","overlay-opacity":"","overlay-gradient":""}},"ast-content-background-meta":{"desktop":{"background-color":"var(--ast-global-color-5)","background-image":"","background-repeat":"repeat","background-position":"center center","background-size":"auto","background-attachment":"scroll","background-type":"","background-media":"","overlay-type":"","overlay-color":"","overlay-opacity":"","overlay-gradient":""},"tablet":{"background-color":"var(--ast-global-color-5)","background-image":"","background-repeat":"repeat","background-position":"center center","background-size":"auto","background-attachment":"scroll","background-type":"","background-media":"","overlay-type":"","overlay-color":"","overlay-opacity":"","overlay-gradient":""},"mobile":{"background-color":"var(--ast-global-color-5)","background-image":"","background-repeat":"repeat","background-position":"center center","background-size":"auto","background-attachment":"scroll","background-type":"","background-media":"","overlay-type":"","overlay-color":"","overlay-opacity":"","overlay-gradient":""}},"footnotes":""},"categories":[6],"tags":[],"class_list":["post-87","post","type-post","status-publish","format-standard","hentry","category-les-cidres"],"yoast_head":"<!-- This site is optimized with the Yoast SEO plugin v27.4 - https:\/\/yoast.com\/product\/yoast-seo-wordpress\/ -->\n<title>LE CLOS FLEURI - CIDRE ARTISANAL BRUT BIO - 75CL - cidreriedelabrique<\/title>\n<meta name=\"description\" content=\"Fabrication artisanale 100% pur jus biologique, de pommes s\u00e9lectionn\u00e9es en Normandie. Des pommiers est agr\u00e9\u00e9e sans pesticides...\" \/>\n<meta name=\"robots\" content=\"index, follow, max-snippet:-1, max-image-preview:large, max-video-preview:-1\" \/>\n<link rel=\"canonical\" href=\"https:\/\/cidreriedelabrique.com\/index.php\/2022\/08\/31\/le-clos-fleuri-cidre-artisanal-brut-bio-75cl\/\" \/>\n<meta property=\"og:locale\" content=\"fr_FR\" \/>\n<meta property=\"og:type\" content=\"article\" \/>\n<meta property=\"og:title\" content=\"LE CLOS FLEURI - CIDRE ARTISANAL BRUT BIO - 75CL - cidreriedelabrique\" \/>\n<meta property=\"og:description\" content=\"Fabrication artisanale 100% pur jus biologique, de pommes s\u00e9lectionn\u00e9es en Normandie. Des pommiers est agr\u00e9\u00e9e sans pesticides...\" \/>\n<meta property=\"og:url\" content=\"https:\/\/cidreriedelabrique.com\/index.php\/2022\/08\/31\/le-clos-fleuri-cidre-artisanal-brut-bio-75cl\/\" \/>\n<meta property=\"og:site_name\" content=\"cidreriedelabrique\" \/>\n<meta property=\"article:publisher\" content=\"https:\/\/www.facebook.com\/cidreriedelabrique\" \/>\n<meta property=\"article:author\" content=\"https:\/\/facebook.com\/cidreriedelabrique\" \/>\n<meta property=\"article:published_time\" content=\"2022-08-31T19:07:31+00:00\" \/>\n<meta property=\"article:modified_time\" content=\"2024-06-04T07:41:59+00:00\" \/>\n<meta property=\"og:image\" content=\"https:\/\/cidreriedelabrique.com\/wp-content\/uploads\/2023\/02\/2023-cidre-LeBrut-bio-75cl-copie-1152x2048.png\" \/>\n<meta name=\"author\" content=\"cidrerielabrique\" \/>\n<meta name=\"twitter:card\" content=\"summary_large_image\" \/>\n<meta name=\"twitter:label1\" content=\"\u00c9crit par\" \/>\n\t<meta name=\"twitter:data1\" content=\"cidrerielabrique\" \/>\n\t<meta name=\"twitter:label2\" content=\"Dur\u00e9e de lecture estim\u00e9e\" \/>\n\t<meta name=\"twitter:data2\" content=\"3 minutes\" \/>\n<script type=\"application\/ld+json\" class=\"yoast-schema-graph\">{\"@context\":\"https:\\\/\\\/schema.org\",\"@graph\":[{\"@type\":\"Article\",\"@id\":\"https:\\\/\\\/cidreriedelabrique.com\\\/index.php\\\/2022\\\/08\\\/31\\\/le-clos-fleuri-cidre-artisanal-brut-bio-75cl\\\/#article\",\"isPartOf\":{\"@id\":\"https:\\\/\\\/cidreriedelabrique.com\\\/index.php\\\/2022\\\/08\\\/31\\\/le-clos-fleuri-cidre-artisanal-brut-bio-75cl\\\/\"},\"author\":{\"name\":\"cidrerielabrique\",\"@id\":\"https:\\\/\\\/cidreriedelabrique.com\\\/#\\\/schema\\\/person\\\/a5f7c2157e8ed43efb9cad252d759dc0\"},\"headline\":\"LE CLOS FLEURI &#8211; CIDRE ARTISANAL BRUT BIO &#8211; 75CL\",\"datePublished\":\"2022-08-31T19:07:31+00:00\",\"dateModified\":\"2024-06-04T07:41:59+00:00\",\"mainEntityOfPage\":{\"@id\":\"https:\\\/\\\/cidreriedelabrique.com\\\/index.php\\\/2022\\\/08\\\/31\\\/le-clos-fleuri-cidre-artisanal-brut-bio-75cl\\\/\"},\"wordCount\":275,\"commentCount\":0,\"publisher\":{\"@id\":\"https:\\\/\\\/cidreriedelabrique.com\\\/#organization\"},\"image\":{\"@id\":\"https:\\\/\\\/cidreriedelabrique.com\\\/index.php\\\/2022\\\/08\\\/31\\\/le-clos-fleuri-cidre-artisanal-brut-bio-75cl\\\/#primaryimage\"},\"thumbnailUrl\":\"https:\\\/\\\/cidreriedelabrique.com\\\/wp-content\\\/uploads\\\/2023\\\/02\\\/2023-cidre-LeBrut-bio-75cl-copie-1152x2048.png\",\"articleSection\":[\"LES CIDRES\"],\"inLanguage\":\"fr-FR\",\"potentialAction\":[{\"@type\":\"CommentAction\",\"name\":\"Comment\",\"target\":[\"https:\\\/\\\/cidreriedelabrique.com\\\/index.php\\\/2022\\\/08\\\/31\\\/le-clos-fleuri-cidre-artisanal-brut-bio-75cl\\\/#respond\"]}]},{\"@type\":\"WebPage\",\"@id\":\"https:\\\/\\\/cidreriedelabrique.com\\\/index.php\\\/2022\\\/08\\\/31\\\/le-clos-fleuri-cidre-artisanal-brut-bio-75cl\\\/\",\"url\":\"https:\\\/\\\/cidreriedelabrique.com\\\/index.php\\\/2022\\\/08\\\/31\\\/le-clos-fleuri-cidre-artisanal-brut-bio-75cl\\\/\",\"name\":\"LE CLOS FLEURI - CIDRE ARTISANAL BRUT BIO - 75CL - cidreriedelabrique\",\"isPartOf\":{\"@id\":\"https:\\\/\\\/cidreriedelabrique.com\\\/#website\"},\"primaryImageOfPage\":{\"@id\":\"https:\\\/\\\/cidreriedelabrique.com\\\/index.php\\\/2022\\\/08\\\/31\\\/le-clos-fleuri-cidre-artisanal-brut-bio-75cl\\\/#primaryimage\"},\"image\":{\"@id\":\"https:\\\/\\\/cidreriedelabrique.com\\\/index.php\\\/2022\\\/08\\\/31\\\/le-clos-fleuri-cidre-artisanal-brut-bio-75cl\\\/#primaryimage\"},\"thumbnailUrl\":\"https:\\\/\\\/cidreriedelabrique.com\\\/wp-content\\\/uploads\\\/2023\\\/02\\\/2023-cidre-LeBrut-bio-75cl-copie-1152x2048.png\",\"datePublished\":\"2022-08-31T19:07:31+00:00\",\"dateModified\":\"2024-06-04T07:41:59+00:00\",\"description\":\"Fabrication artisanale 100% pur jus biologique, de pommes s\u00e9lectionn\u00e9es en Normandie. Des pommiers est agr\u00e9\u00e9e sans pesticides...\",\"breadcrumb\":{\"@id\":\"https:\\\/\\\/cidreriedelabrique.com\\\/index.php\\\/2022\\\/08\\\/31\\\/le-clos-fleuri-cidre-artisanal-brut-bio-75cl\\\/#breadcrumb\"},\"inLanguage\":\"fr-FR\",\"potentialAction\":[{\"@type\":\"ReadAction\",\"target\":[\"https:\\\/\\\/cidreriedelabrique.com\\\/index.php\\\/2022\\\/08\\\/31\\\/le-clos-fleuri-cidre-artisanal-brut-bio-75cl\\\/\"]}]},{\"@type\":\"ImageObject\",\"inLanguage\":\"fr-FR\",\"@id\":\"https:\\\/\\\/cidreriedelabrique.com\\\/index.php\\\/2022\\\/08\\\/31\\\/le-clos-fleuri-cidre-artisanal-brut-bio-75cl\\\/#primaryimage\",\"url\":\"https:\\\/\\\/cidreriedelabrique.com\\\/wp-content\\\/uploads\\\/2023\\\/02\\\/2023-cidre-LeBrut-bio-75cl-copie.png\",\"contentUrl\":\"https:\\\/\\\/cidreriedelabrique.com\\\/wp-content\\\/uploads\\\/2023\\\/02\\\/2023-cidre-LeBrut-bio-75cl-copie.png\",\"width\":1774,\"height\":3154,\"caption\":\"Cidre Le brut Bio - cidrerie de la brique - 75cl\"},{\"@type\":\"BreadcrumbList\",\"@id\":\"https:\\\/\\\/cidreriedelabrique.com\\\/index.php\\\/2022\\\/08\\\/31\\\/le-clos-fleuri-cidre-artisanal-brut-bio-75cl\\\/#breadcrumb\",\"itemListElement\":[{\"@type\":\"ListItem\",\"position\":1,\"name\":\"Accueil\",\"item\":\"https:\\\/\\\/cidreriedelabrique.com\\\/\"},{\"@type\":\"ListItem\",\"position\":2,\"name\":\"LE CLOS FLEURI &#8211; CIDRE ARTISANAL BRUT BIO &#8211; 75CL\"}]},{\"@type\":\"WebSite\",\"@id\":\"https:\\\/\\\/cidreriedelabrique.com\\\/#website\",\"url\":\"https:\\\/\\\/cidreriedelabrique.com\\\/\",\"name\":\"cidreriedelabrique\",\"description\":\"Artisans Cidricoles depuis 1953\",\"publisher\":{\"@id\":\"https:\\\/\\\/cidreriedelabrique.com\\\/#organization\"},\"potentialAction\":[{\"@type\":\"SearchAction\",\"target\":{\"@type\":\"EntryPoint\",\"urlTemplate\":\"https:\\\/\\\/cidreriedelabrique.com\\\/?s={search_term_string}\"},\"query-input\":{\"@type\":\"PropertyValueSpecification\",\"valueRequired\":true,\"valueName\":\"search_term_string\"}}],\"inLanguage\":\"fr-FR\"},{\"@type\":\"Organization\",\"@id\":\"https:\\\/\\\/cidreriedelabrique.com\\\/#organization\",\"name\":\"cidreriedelabrique\",\"url\":\"https:\\\/\\\/cidreriedelabrique.com\\\/\",\"logo\":{\"@type\":\"ImageObject\",\"inLanguage\":\"fr-FR\",\"@id\":\"https:\\\/\\\/cidreriedelabrique.com\\\/#\\\/schema\\\/logo\\\/image\\\/\",\"url\":\"https:\\\/\\\/cidreriedelabrique.com\\\/wp-content\\\/uploads\\\/2022\\\/08\\\/LOGO-CDLB-COULEUR-1.png\",\"contentUrl\":\"https:\\\/\\\/cidreriedelabrique.com\\\/wp-content\\\/uploads\\\/2022\\\/08\\\/LOGO-CDLB-COULEUR-1.png\",\"width\":2316,\"height\":2317,\"caption\":\"cidreriedelabrique\"},\"image\":{\"@id\":\"https:\\\/\\\/cidreriedelabrique.com\\\/#\\\/schema\\\/logo\\\/image\\\/\"},\"sameAs\":[\"https:\\\/\\\/www.facebook.com\\\/cidreriedelabrique\",\"https:\\\/\\\/www.instagram.com\\\/cidreriedelabrique\",\"https:\\\/\\\/www.linkedin.com\\\/cidrerie-de-la-brique\"]},{\"@type\":\"Person\",\"@id\":\"https:\\\/\\\/cidreriedelabrique.com\\\/#\\\/schema\\\/person\\\/a5f7c2157e8ed43efb9cad252d759dc0\",\"name\":\"cidrerielabrique\",\"image\":{\"@type\":\"ImageObject\",\"inLanguage\":\"fr-FR\",\"@id\":\"https:\\\/\\\/secure.gravatar.com\\\/avatar\\\/fb13d7cb293d6987076c2c5ddd4bf81e2f802ebf839b83a4e17dff3eb17cd77a?s=96&d=mm&r=g\",\"url\":\"https:\\\/\\\/secure.gravatar.com\\\/avatar\\\/fb13d7cb293d6987076c2c5ddd4bf81e2f802ebf839b83a4e17dff3eb17cd77a?s=96&d=mm&r=g\",\"contentUrl\":\"https:\\\/\\\/secure.gravatar.com\\\/avatar\\\/fb13d7cb293d6987076c2c5ddd4bf81e2f802ebf839b83a4e17dff3eb17cd77a?s=96&d=mm&r=g\",\"caption\":\"cidrerielabrique\"},\"sameAs\":[\"https:\\\/\\\/cidreriedelabrique.com\",\"https:\\\/\\\/facebook.com\\\/cidreriedelabrique\",\"https:\\\/\\\/instagram.com\\\/cidreriedelabrique\",\"https:\\\/\\\/linkedin.com\\\/cidrerie-de-la-brique\"],\"url\":\"https:\\\/\\\/cidreriedelabrique.com\\\/index.php\\\/author\\\/cidrerielabrique\\\/\"}]}<\/script>\n<!-- \/ Yoast SEO plugin. -->","yoast_head_json":{"title":"LE CLOS FLEURI - CIDRE ARTISANAL BRUT BIO - 75CL - cidreriedelabrique","description":"Fabrication artisanale 100% pur jus biologique, de pommes s\u00e9lectionn\u00e9es en Normandie. Des pommiers est agr\u00e9\u00e9e sans pesticides...","robots":{"index":"index","follow":"follow","max-snippet":"max-snippet:-1","max-image-preview":"max-image-preview:large","max-video-preview":"max-video-preview:-1"},"canonical":"https:\/\/cidreriedelabrique.com\/index.php\/2022\/08\/31\/le-clos-fleuri-cidre-artisanal-brut-bio-75cl\/","og_locale":"fr_FR","og_type":"article","og_title":"LE CLOS FLEURI - CIDRE ARTISANAL BRUT BIO - 75CL - cidreriedelabrique","og_description":"Fabrication artisanale 100% pur jus biologique, de pommes s\u00e9lectionn\u00e9es en Normandie. Des pommiers est agr\u00e9\u00e9e sans pesticides...","og_url":"https:\/\/cidreriedelabrique.com\/index.php\/2022\/08\/31\/le-clos-fleuri-cidre-artisanal-brut-bio-75cl\/","og_site_name":"cidreriedelabrique","article_publisher":"https:\/\/www.facebook.com\/cidreriedelabrique","article_author":"https:\/\/facebook.com\/cidreriedelabrique","article_published_time":"2022-08-31T19:07:31+00:00","article_modified_time":"2024-06-04T07:41:59+00:00","og_image":[{"url":"https:\/\/cidreriedelabrique.com\/wp-content\/uploads\/2023\/02\/2023-cidre-LeBrut-bio-75cl-copie-1152x2048.png","type":"","width":"","height":""}],"author":"cidrerielabrique","twitter_card":"summary_large_image","twitter_misc":{"\u00c9crit par":"cidrerielabrique","Dur\u00e9e de lecture estim\u00e9e":"3 minutes"},"schema":{"@context":"https:\/\/schema.org","@graph":[{"@type":"Article","@id":"https:\/\/cidreriedelabrique.com\/index.php\/2022\/08\/31\/le-clos-fleuri-cidre-artisanal-brut-bio-75cl\/#article","isPartOf":{"@id":"https:\/\/cidreriedelabrique.com\/index.php\/2022\/08\/31\/le-clos-fleuri-cidre-artisanal-brut-bio-75cl\/"},"author":{"name":"cidrerielabrique","@id":"https:\/\/cidreriedelabrique.com\/#\/schema\/person\/a5f7c2157e8ed43efb9cad252d759dc0"},"headline":"LE CLOS FLEURI &#8211; CIDRE ARTISANAL BRUT BIO &#8211; 75CL","datePublished":"2022-08-31T19:07:31+00:00","dateModified":"2024-06-04T07:41:59+00:00","mainEntityOfPage":{"@id":"https:\/\/cidreriedelabrique.com\/index.php\/2022\/08\/31\/le-clos-fleuri-cidre-artisanal-brut-bio-75cl\/"},"wordCount":275,"commentCount":0,"publisher":{"@id":"https:\/\/cidreriedelabrique.com\/#organization"},"image":{"@id":"https:\/\/cidreriedelabrique.com\/index.php\/2022\/08\/31\/le-clos-fleuri-cidre-artisanal-brut-bio-75cl\/#primaryimage"},"thumbnailUrl":"https:\/\/cidreriedelabrique.com\/wp-content\/uploads\/2023\/02\/2023-cidre-LeBrut-bio-75cl-copie-1152x2048.png","articleSection":["LES CIDRES"],"inLanguage":"fr-FR","potentialAction":[{"@type":"CommentAction","name":"Comment","target":["https:\/\/cidreriedelabrique.com\/index.php\/2022\/08\/31\/le-clos-fleuri-cidre-artisanal-brut-bio-75cl\/#respond"]}]},{"@type":"WebPage","@id":"https:\/\/cidreriedelabrique.com\/index.php\/2022\/08\/31\/le-clos-fleuri-cidre-artisanal-brut-bio-75cl\/","url":"https:\/\/cidreriedelabrique.com\/index.php\/2022\/08\/31\/le-clos-fleuri-cidre-artisanal-brut-bio-75cl\/","name":"LE CLOS FLEURI - CIDRE ARTISANAL BRUT BIO - 75CL - cidreriedelabrique","isPartOf":{"@id":"https:\/\/cidreriedelabrique.com\/#website"},"primaryImageOfPage":{"@id":"https:\/\/cidreriedelabrique.com\/index.php\/2022\/08\/31\/le-clos-fleuri-cidre-artisanal-brut-bio-75cl\/#primaryimage"},"image":{"@id":"https:\/\/cidreriedelabrique.com\/index.php\/2022\/08\/31\/le-clos-fleuri-cidre-artisanal-brut-bio-75cl\/#primaryimage"},"thumbnailUrl":"https:\/\/cidreriedelabrique.com\/wp-content\/uploads\/2023\/02\/2023-cidre-LeBrut-bio-75cl-copie-1152x2048.png","datePublished":"2022-08-31T19:07:31+00:00","dateModified":"2024-06-04T07:41:59+00:00","description":"Fabrication artisanale 100% pur jus biologique, de pommes s\u00e9lectionn\u00e9es en Normandie. Des pommiers est agr\u00e9\u00e9e sans pesticides...","breadcrumb":{"@id":"https:\/\/cidreriedelabrique.com\/index.php\/2022\/08\/31\/le-clos-fleuri-cidre-artisanal-brut-bio-75cl\/#breadcrumb"},"inLanguage":"fr-FR","potentialAction":[{"@type":"ReadAction","target":["https:\/\/cidreriedelabrique.com\/index.php\/2022\/08\/31\/le-clos-fleuri-cidre-artisanal-brut-bio-75cl\/"]}]},{"@type":"ImageObject","inLanguage":"fr-FR","@id":"https:\/\/cidreriedelabrique.com\/index.php\/2022\/08\/31\/le-clos-fleuri-cidre-artisanal-brut-bio-75cl\/#primaryimage","url":"https:\/\/cidreriedelabrique.com\/wp-content\/uploads\/2023\/02\/2023-cidre-LeBrut-bio-75cl-copie.png","contentUrl":"https:\/\/cidreriedelabrique.com\/wp-content\/uploads\/2023\/02\/2023-cidre-LeBrut-bio-75cl-copie.png","width":1774,"height":3154,"caption":"Cidre Le brut Bio - cidrerie de la brique - 75cl"},{"@type":"BreadcrumbList","@id":"https:\/\/cidreriedelabrique.com\/index.php\/2022\/08\/31\/le-clos-fleuri-cidre-artisanal-brut-bio-75cl\/#breadcrumb","itemListElement":[{"@type":"ListItem","position":1,"name":"Accueil","item":"https:\/\/cidreriedelabrique.com\/"},{"@type":"ListItem","position":2,"name":"LE CLOS FLEURI &#8211; CIDRE ARTISANAL BRUT BIO &#8211; 75CL"}]},{"@type":"WebSite","@id":"https:\/\/cidreriedelabrique.com\/#website","url":"https:\/\/cidreriedelabrique.com\/","name":"cidreriedelabrique","description":"Artisans Cidricoles depuis 1953","publisher":{"@id":"https:\/\/cidreriedelabrique.com\/#organization"},"potentialAction":[{"@type":"SearchAction","target":{"@type":"EntryPoint","urlTemplate":"https:\/\/cidreriedelabrique.com\/?s={search_term_string}"},"query-input":{"@type":"PropertyValueSpecification","valueRequired":true,"valueName":"search_term_string"}}],"inLanguage":"fr-FR"},{"@type":"Organization","@id":"https:\/\/cidreriedelabrique.com\/#organization","name":"cidreriedelabrique","url":"https:\/\/cidreriedelabrique.com\/","logo":{"@type":"ImageObject","inLanguage":"fr-FR","@id":"https:\/\/cidreriedelabrique.com\/#\/schema\/logo\/image\/","url":"https:\/\/cidreriedelabrique.com\/wp-content\/uploads\/2022\/08\/LOGO-CDLB-COULEUR-1.png","contentUrl":"https:\/\/cidreriedelabrique.com\/wp-content\/uploads\/2022\/08\/LOGO-CDLB-COULEUR-1.png","width":2316,"height":2317,"caption":"cidreriedelabrique"},"image":{"@id":"https:\/\/cidreriedelabrique.com\/#\/schema\/logo\/image\/"},"sameAs":["https:\/\/www.facebook.com\/cidreriedelabrique","https:\/\/www.instagram.com\/cidreriedelabrique","https:\/\/www.linkedin.com\/cidrerie-de-la-brique"]},{"@type":"Person","@id":"https:\/\/cidreriedelabrique.com\/#\/schema\/person\/a5f7c2157e8ed43efb9cad252d759dc0","name":"cidrerielabrique","image":{"@type":"ImageObject","inLanguage":"fr-FR","@id":"https:\/\/secure.gravatar.com\/avatar\/fb13d7cb293d6987076c2c5ddd4bf81e2f802ebf839b83a4e17dff3eb17cd77a?s=96&d=mm&r=g","url":"https:\/\/secure.gravatar.com\/avatar\/fb13d7cb293d6987076c2c5ddd4bf81e2f802ebf839b83a4e17dff3eb17cd77a?s=96&d=mm&r=g","contentUrl":"https:\/\/secure.gravatar.com\/avatar\/fb13d7cb293d6987076c2c5ddd4bf81e2f802ebf839b83a4e17dff3eb17cd77a?s=96&d=mm&r=g","caption":"cidrerielabrique"},"sameAs":["https:\/\/cidreriedelabrique.com","https:\/\/facebook.com\/cidreriedelabrique","https:\/\/instagram.com\/cidreriedelabrique","https:\/\/linkedin.com\/cidrerie-de-la-brique"],"url":"https:\/\/cidreriedelabrique.com\/index.php\/author\/cidrerielabrique\/"}]}},"_links":{"self":[{"href":"https:\/\/cidreriedelabrique.com\/index.php\/wp-json\/wp\/v2\/posts\/87","targetHints":{"allow":["GET"]}}],"collection":[{"href":"https:\/\/cidreriedelabrique.com\/index.php\/wp-json\/wp\/v2\/posts"}],"about":[{"href":"https:\/\/cidreriedelabrique.com\/index.php\/wp-json\/wp\/v2\/types\/post"}],"author":[{"embeddable":true,"href":"https:\/\/cidreriedelabrique.com\/index.php\/wp-json\/wp\/v2\/users\/1"}],"replies":[{"embeddable":true,"href":"https:\/\/cidreriedelabrique.com\/index.php\/wp-json\/wp\/v2\/comments?post=87"}],"version-history":[{"count":78,"href":"https:\/\/cidreriedelabrique.com\/index.php\/wp-json\/wp\/v2\/posts\/87\/revisions"}],"predecessor-version":[{"id":2188,"href":"https:\/\/cidreriedelabrique.com\/index.php\/wp-json\/wp\/v2\/posts\/87\/revisions\/2188"}],"wp:attachment":[{"href":"https:\/\/cidreriedelabrique.com\/index.php\/wp-json\/wp\/v2\/media?parent=87"}],"wp:term":[{"taxonomy":"category","embeddable":true,"href":"https:\/\/cidreriedelabrique.com\/index.php\/wp-json\/wp\/v2\/categories?post=87"},{"taxonomy":"post_tag","embeddable":true,"href":"https:\/\/cidreriedelabrique.com\/index.php\/wp-json\/wp\/v2\/tags?post=87"}],"curies":[{"name":"wp","href":"https:\/\/api.w.org\/{rel}","templated":true}]}}